{"id":2733,"date":"2025-11-01T16:12:45","date_gmt":"2025-11-01T16:12:45","guid":{"rendered":"https:\/\/weihnachtsmarkt-bergstein.com\/?p=2733"},"modified":"2025-11-03T19:53:21","modified_gmt":"2025-11-03T19:53:21","slug":"29-11-30-11-2025","status":"publish","type":"post","link":"https:\/\/weihnachtsmarkt-bergstein.com\/?p=2733","title":{"rendered":"29.11. &amp; 30.11.2025"},"content":{"rendered":"\n<p>Es ist wieder soweit: Der 34. Weihnachtsmarkt beginnt am 29.11.2025 &#8211; immer am 1. Adventswochenende. Wir mobilisieren wieder all unsere Ehrenamtler:innen und Helfer:innen um Ihnen ein sch\u00f6nes Wochenende zu bieten und um unsere diesj\u00e4hrigen Spendenempf\u00e4nger gl\u00fccklich zu machen.<\/p>\n\n\n\n<p class=\"has-white-color has-red-background-color has-text-color has-background has-link-color wp-elements-88ab8846886251ae51f056dfd4436dac\">Die diesj\u00e4hrigen Spendenempf\u00e4nger: <a href=\"http:\/\/foerderschulenordeifel.de\/foerderverein\/\"><br><\/a>\u00a0\u2022 Herzenswunsch Krankenwagen der Malteser (Aachen)<br>\u00a0\u2022 farbebunt e. V. (Vettwei\u00df)<br>\u00a0\u2022 Sharie Braun (Aachen)<\/p>\n\n\n\n<p>Das Programm ist wie immer vielf\u00e4ltig, bunt und besinnlich:<\/p>\n\n\n\n<p><strong>Samstag, 30.11.2024<br><\/strong>15 Uhr: Baumschm\u00fccken durch die Kinder der Kita Villa Wackelzahn<br>17 Uhr: <a href=\"https:\/\/melano.de\" data-type=\"link\" data-id=\"https:\/\/melano.de\">Melano Steckenborn<\/a><br>19:30 Uhr: Piccolo Dixieland Band<\/p>\n\n\n\n<p><strong>Sonntag, 01.12.2024<br><\/strong>11 Uhr: Start<br>12 Uhr: Mainu Music \u2013 Musik von Mensch zu Mensch<br>14:00 Uhr: <a href=\"https:\/\/www.bremskloetz.de\" data-type=\"link\" data-id=\"https:\/\/www.bremskloetz.de\">Bremskl\u00f6tz<\/a><br>15:30 Uhr: Musikfreunde Brandenberg<br>16:30 Uhr: Besuch vom Nikolaus mit deinem Knecht Ruprecht und einer \u00dcberraschung f\u00fcr die Kinder<br>18 Uhr: <a href=\"https:\/\/joy-of-music.net\" data-type=\"link\" data-id=\"https:\/\/joy-of-music.net\">Chor &#8222;Joy of music&#8220;<\/a> unter der Leitung von David Blum<\/p>\n\n\n\n<p>Wir freuen uns auf ihren Besuch auf unserem kleinen, feinen und romantischen Weihnachtsmarkt im Schatten der Kirche.  <\/p>\n\n\n\n<figure class=\"wp-block-image size-large\"><img loading=\"lazy\" decoding=\"async\" width=\"724\" height=\"1024\" src=\"https:\/\/weihnachtsmarkt-bergstein.com\/wp-content\/uploads\/2025\/11\/2025_Weihnachtsmarkt_Plakat_A3-724x1024.jpg\" alt=\"\" class=\"wp-image-2744\" srcset=\"https:\/\/weihnachtsmarkt-bergstein.com\/wp-content\/uploads\/2025\/11\/2025_Weihnachtsmarkt_Plakat_A3-724x1024.jpg 724w, https:\/\/weihnachtsmarkt-bergstein.com\/wp-content\/uploads\/2025\/11\/2025_Weihnachtsmarkt_Plakat_A3-212x300.jpg 212w, https:\/\/weihnachtsmarkt-bergstein.com\/wp-content\/uploads\/2025\/11\/2025_Weihnachtsmarkt_Plakat_A3-768x1086.jpg 768w, https:\/\/weihnachtsmarkt-bergstein.com\/wp-content\/uploads\/2025\/11\/2025_Weihnachtsmarkt_Plakat_A3-1086x1536.jpg 1086w, https:\/\/weihnachtsmarkt-bergstein.com\/wp-content\/uploads\/2025\/11\/2025_Weihnachtsmarkt_Plakat_A3-1448x2048.jpg 1448w, https:\/\/weihnachtsmarkt-bergstein.com\/wp-content\/uploads\/2025\/11\/2025_Weihnachtsmarkt_Plakat_A3-scaled.jpg 1810w\" sizes=\"auto, (max-width: 724px) 100vw, 724px\" \/><\/figure>\n\n\n\n<p>Sie m\u00f6chten Kuchen f\u00fcr unsere Cafeteria spenden? Sehr gerne.&nbsp;<br>Melden Sie sich gerne bei Marina Jansen, rufen Sie an oder schreiben Sie eine E-Mail: 0171\/6580657 oder jansen.marina@t-online.de<\/p>\n","protected":false},"excerpt":{"rendered":"<p>Es ist wieder soweit: Der 34. Weihnachtsmarkt beginnt am 29.11.2025 &#8211; immer am 1. Adventswochenende. Wir mobilisieren wieder all unsere Ehrenamtler:innen und Helfer:innen um Ihnen ein sch\u00f6nes Wochenende zu bieten und um unsere diesj\u00e4hrigen Spendenempf\u00e4nger gl\u00fccklich zu machen. Die diesj\u00e4hrigen &hellip; <span class=\"more-link\"><a href=\"https:\/\/weihnachtsmarkt-bergstein.com\/?p=2733\" class=\"readmore\">Continue reading<span class=\"screen-reader-text\">29.11. &amp; 30.11.2025<\/span><\/a><\/span><\/p>\n","protected":false},"author":1,"featured_media":2734,"comment_status":"open","ping_status":"open","sticky":true,"template":"","format":"standard","meta":{"ngg_post_thumbnail":0,"footnotes":""},"categories":[3],"tags":[10,8,13,12,7],"class_list":["post-2733","post","type-post","status-publish","format-standard","has-post-thumbnail","hentry","category-news","tag-advent","tag-bergstein","tag-ig-weihnachtsmarkt","tag-spenden","tag-weihnachtsmarkt"],"_links":{"self":[{"href":"https:\/\/weihnachtsmarkt-bergstein.com\/index.php?rest_route=\/wp\/v2\/posts\/2733","targetHints":{"allow":["GET"]}}],"collection":[{"href":"https:\/\/weihnachtsmarkt-bergstein.com\/index.php?rest_route=\/wp\/v2\/posts"}],"about":[{"href":"https:\/\/weihnachtsmarkt-bergstein.com\/index.php?rest_route=\/wp\/v2\/types\/post"}],"author":[{"embeddable":true,"href":"https:\/\/weihnachtsmarkt-bergstein.com\/index.php?rest_route=\/wp\/v2\/users\/1"}],"replies":[{"embeddable":true,"href":"https:\/\/weihnachtsmarkt-bergstein.com\/index.php?rest_route=%2Fwp%2Fv2%2Fcomments&post=2733"}],"version-history":[{"count":4,"href":"https:\/\/weihnachtsmarkt-bergstein.com\/index.php?rest_route=\/wp\/v2\/posts\/2733\/revisions"}],"predecessor-version":[{"id":2748,"href":"https:\/\/weihnachtsmarkt-bergstein.com\/index.php?rest_route=\/wp\/v2\/posts\/2733\/revisions\/2748"}],"wp:featuredmedia":[{"embeddable":true,"href":"https:\/\/weihnachtsmarkt-bergstein.com\/index.php?rest_route=\/wp\/v2\/media\/2734"}],"wp:attachment":[{"href":"https:\/\/weihnachtsmarkt-bergstein.com\/index.php?rest_route=%2Fwp%2Fv2%2Fmedia&parent=2733"}],"wp:term":[{"taxonomy":"category","embeddable":true,"href":"https:\/\/weihnachtsmarkt-bergstein.com\/index.php?rest_route=%2Fwp%2Fv2%2Fcategories&post=2733"},{"taxonomy":"post_tag","embeddable":true,"href":"https:\/\/weihnachtsmarkt-bergstein.com\/index.php?rest_route=%2Fwp%2Fv2%2Ftags&post=2733"}],"curies":[{"name":"wp","href":"https:\/\/api.w.org\/{rel}","templated":true}]}}