{"id":2615,"date":"2025-01-02T12:30:16","date_gmt":"2025-01-02T12:30:16","guid":{"rendered":"https:\/\/weihnachtsmarkt-bergstein.com\/?p=2615"},"modified":"2025-01-02T12:35:25","modified_gmt":"2025-01-02T12:35:25","slug":"das-war-der-weihnachtsmarkt-2024","status":"publish","type":"post","link":"https:\/\/weihnachtsmarkt-bergstein.com\/?p=2615","title":{"rendered":"Das war der Weihnachtsmarkt 2024"},"content":{"rendered":"\n<p>Liebe Besucher:innen, die Bilder des Weihnachtsmarktes 2024 sind online. Viel Spa\u00df beim st\u00f6bern und noch einmal vielen Dank f\u00fcr Ihren Besuch!<\/p>\n\n\n\n<p><a href=\"https:\/\/weihnachtsmarkt-bergstein.com\/?page_id=11\" data-type=\"page\" data-id=\"11\" target=\"_blank\" rel=\"noreferrer noopener\">Hier gehts zur Bildergalerie<\/a><\/p>\n\n\n\n<p>Ihre IG Weihnachtsmarkt Bergstein e.V.<\/p>\n","protected":false},"excerpt":{"rendered":"<p>Liebe Besucher:innen, die Bilder des Weihnachtsmarktes 2024 sind online. Viel Spa\u00df beim st\u00f6bern und noch einmal vielen Dank f\u00fcr Ihren Besuch! Hier gehts zur Bildergalerie Ihre IG Weihnachtsmarkt Bergstein e.V.<\/p>\n","protected":false},"author":1,"featured_media":2616,"comment_status":"open","ping_status":"open","sticky":true,"template":"","format":"standard","meta":{"ngg_post_thumbnail":0,"footnotes":""},"categories":[3,1],"tags":[8,13,12,7,11],"class_list":["post-2615","post","type-post","status-publish","format-standard","has-post-thumbnail","hentry","category-news","category-uncategorized","tag-bergstein","tag-ig-weihnachtsmarkt","tag-spenden","tag-weihnachtsmarkt","tag-weihnachtsmarkt-scheckuebergabe"],"_links":{"self":[{"href":"https:\/\/weihnachtsmarkt-bergstein.com\/index.php?rest_route=\/wp\/v2\/posts\/2615","targetHints":{"allow":["GET"]}}],"collection":[{"href":"https:\/\/weihnachtsmarkt-bergstein.com\/index.php?rest_route=\/wp\/v2\/posts"}],"about":[{"href":"https:\/\/weihnachtsmarkt-bergstein.com\/index.php?rest_route=\/wp\/v2\/types\/post"}],"author":[{"embeddable":true,"href":"https:\/\/weihnachtsmarkt-bergstein.com\/index.php?rest_route=\/wp\/v2\/users\/1"}],"replies":[{"embeddable":true,"href":"https:\/\/weihnachtsmarkt-bergstein.com\/index.php?rest_route=%2Fwp%2Fv2%2Fcomments&post=2615"}],"version-history":[{"count":3,"href":"https:\/\/weihnachtsmarkt-bergstein.com\/index.php?rest_route=\/wp\/v2\/posts\/2615\/revisions"}],"predecessor-version":[{"id":2619,"href":"https:\/\/weihnachtsmarkt-bergstein.com\/index.php?rest_route=\/wp\/v2\/posts\/2615\/revisions\/2619"}],"wp:featuredmedia":[{"embeddable":true,"href":"https:\/\/weihnachtsmarkt-bergstein.com\/index.php?rest_route=\/wp\/v2\/media\/2616"}],"wp:attachment":[{"href":"https:\/\/weihnachtsmarkt-bergstein.com\/index.php?rest_route=%2Fwp%2Fv2%2Fmedia&parent=2615"}],"wp:term":[{"taxonomy":"category","embeddable":true,"href":"https:\/\/weihnachtsmarkt-bergstein.com\/index.php?rest_route=%2Fwp%2Fv2%2Fcategories&post=2615"},{"taxonomy":"post_tag","embeddable":true,"href":"https:\/\/weihnachtsmarkt-bergstein.com\/index.php?rest_route=%2Fwp%2Fv2%2Ftags&post=2615"}],"curies":[{"name":"wp","href":"https:\/\/api.w.org\/{rel}","templated":true}]}}