{"id":106,"date":"2019-08-20T10:48:36","date_gmt":"2019-08-20T10:48:36","guid":{"rendered":"http:\/\/weihnachtsmarkt-bergstein.com\/?p=106"},"modified":"2019-09-04T15:38:58","modified_gmt":"2019-09-04T15:38:58","slug":"eine-scheckuebergabe-der-besonderen-art","status":"publish","type":"post","link":"https:\/\/weihnachtsmarkt-bergstein.com\/?p=106","title":{"rendered":"Eine Scheck\u00fcbergabe der besonderen Art"},"content":{"rendered":"<p><strong>Bergstein.<\/strong> Auch wenn der letzte Weihnachtsmarkt doch schon geraume Zeit zur\u00fcck liegt, m\u00f6chten die Veranstalter das letztj\u00e4hrige 1. Adventwochenende nochmals Revue passieren lassen und ein paar Daten und Fakten ver\u00f6ffentlichen, die sich wieder einmal sehen lassen k\u00f6nnen. Traditionell hielt man wie immer nach Karneval eine Feierstunde ab, in der die vielen Spendenempf\u00e4nger sich sehr f\u00fcr das gespendete Geld bedankten und teilweise sehr emotional berichteten, wie das Geld eingesetzt wird. Die Zahl der Spendenempf\u00e4nger ist in 2018 weiter angestiegen. Neben den drei Hauptspendenempf\u00e4ngern,<\/p>\n<ul>\n<li><strong>Familie Avci mit Tochter Milane (5.000,- \u20ac)<\/strong><\/li>\n<li><strong>Kindergarten Villa Wackelzahn (5.000,- \u20ac)<\/strong><\/li>\n<li><strong>Familie Molitor mit Tochter Alina (5.000,- \u20ac)<\/strong><\/li>\n<\/ul>\n<p>die vor Beginn des Weihnachtsmarkts in einer Versammlung festgelegt wurden, konnten dank eines erneut beachtlichen, finanziellen Erfolgs weitere f\u00fcnf Spendenempf\u00e4nger mit Geldspenden bedacht werden. Das hat es in der Geschichte des Weihnachtsmarkts Bergstein noch nicht gegeben! So hat man im Vorfeld bereits den <strong>Leprakreis <\/strong>mit einer Soforthilfe in H\u00f6he von <strong>530,- \u20ac<\/strong> bedacht.<\/p>\n<p>Hier folgen nun stichpunktartig alle weiteren Spendenempf\u00e4nger, die am 15. M\u00e4rz des Jahres eine Scheck\u00fcbergabe der besonderen Art erlebten.<\/p>\n<ul>\n<li><strong>Verein H\u00fcrtgenwald hilft, Mutter-Kind-Schwimmen (750,-\u20ac)<\/strong><\/li>\n<li><strong>Behindertenverein Brandenberg (500,-\u20ac)<\/strong><\/li>\n<li><strong>Familie Sajotinski mit Sohn Timo (3.000,-\u20ac)<\/strong><\/li>\n<li><strong>Kinderferienwoche der Pfarre Bergstein (2.500,- \u20ac)<\/strong><\/li>\n<\/ul>\n<p>Erw\u00e4hnenswert ist ebenfalls die Pr\u00e4mierung des j\u00e4hrlich stattfindenden Luftballonwettbewerbs, bei dem 300,- \u20ac ausgezahlt werden. Lothar Mayntz ist ein Garant daf\u00fcr neben der Ernsthaftigkeit der Veranstaltung ein wenig Frohmut zu verbreiten und die eine oder andere lustige Geschichte zu den Absendern der gefundenen Postkarten zu erz\u00e4hlen.<\/p>\n<p>Allen Leserinnen und Lesern sei hiermit nochmals ein \u201eherzliches Dankesch\u00f6n\u201c f\u00fcr diesen tollen Erfolg mit auf den Weg gegeben, in welcher Form auch immer der Weihnachtsmarkt Bergstein und die damit verbundene \u201eGute Sache\u201c unterst\u00fctzt wird. Sei es die klassische Kuchenspende oder aber auch das Verst\u00e4ndnis daf\u00fcr, dass am 1. Adventwochenende in Bergstein jedes Jahr Ausnahmezustand herrscht.<\/p>\n","protected":false},"excerpt":{"rendered":"<p>Bergstein. Auch wenn der letzte Weihnachtsmarkt doch schon geraume Zeit zur\u00fcck liegt, m\u00f6chten die Veranstalter das letztj\u00e4hrige 1. Adventwochenende nochmals Revue passieren lassen und ein paar Daten und Fakten ver\u00f6ffentlichen, die sich wieder einmal sehen lassen k\u00f6nnen. Traditionell hielt man &hellip; <span class=\"more-link\"><a href=\"https:\/\/weihnachtsmarkt-bergstein.com\/?p=106\" class=\"readmore\">Continue reading<span class=\"screen-reader-text\">Eine Scheck\u00fcbergabe der besonderen Art<\/span><\/a><\/span><\/p>\n","protected":false},"author":1,"featured_media":109,"comment_status":"open","ping_status":"open","sticky":true,"template":"","format":"aside","meta":{"ngg_post_thumbnail":0,"footnotes":""},"categories":[3],"tags":[],"class_list":["post-106","post","type-post","status-publish","format-aside","has-post-thumbnail","hentry","category-news","post_format-post-format-aside"],"_links":{"self":[{"href":"https:\/\/weihnachtsmarkt-bergstein.com\/index.php?rest_route=\/wp\/v2\/posts\/106","targetHints":{"allow":["GET"]}}],"collection":[{"href":"https:\/\/weihnachtsmarkt-bergstein.com\/index.php?rest_route=\/wp\/v2\/posts"}],"about":[{"href":"https:\/\/weihnachtsmarkt-bergstein.com\/index.php?rest_route=\/wp\/v2\/types\/post"}],"author":[{"embeddable":true,"href":"https:\/\/weihnachtsmarkt-bergstein.com\/index.php?rest_route=\/wp\/v2\/users\/1"}],"replies":[{"embeddable":true,"href":"https:\/\/weihnachtsmarkt-bergstein.com\/index.php?rest_route=%2Fwp%2Fv2%2Fcomments&post=106"}],"version-history":[{"count":1,"href":"https:\/\/weihnachtsmarkt-bergstein.com\/index.php?rest_route=\/wp\/v2\/posts\/106\/revisions"}],"predecessor-version":[{"id":108,"href":"https:\/\/weihnachtsmarkt-bergstein.com\/index.php?rest_route=\/wp\/v2\/posts\/106\/revisions\/108"}],"wp:featuredmedia":[{"embeddable":true,"href":"https:\/\/weihnachtsmarkt-bergstein.com\/index.php?rest_route=\/wp\/v2\/media\/109"}],"wp:attachment":[{"href":"https:\/\/weihnachtsmarkt-bergstein.com\/index.php?rest_route=%2Fwp%2Fv2%2Fmedia&parent=106"}],"wp:term":[{"taxonomy":"category","embeddable":true,"href":"https:\/\/weihnachtsmarkt-bergstein.com\/index.php?rest_route=%2Fwp%2Fv2%2Fcategories&post=106"},{"taxonomy":"post_tag","embeddable":true,"href":"https:\/\/weihnachtsmarkt-bergstein.com\/index.php?rest_route=%2Fwp%2Fv2%2Ftags&post=106"}],"curies":[{"name":"wp","href":"https:\/\/api.w.org\/{rel}","templated":true}]}}